{"id":237,"date":"2020-08-11T18:00:00","date_gmt":"2020-08-11T15:00:00","guid":{"rendered":"https:\/\/zealous-golick.18-196-151-180.plesk.page\/?p=237"},"modified":"2020-08-24T09:38:14","modified_gmt":"2020-08-24T06:38:14","slug":"alavus-rock-city-2020","status":"publish","type":"post","link":"https:\/\/kummitustalo.fi\/?p=237","title":{"rendered":"Alavus Rock City 2020"},"content":{"rendered":"\n<p>Varoitus: T\u00e4m\u00e4 on pitk\u00e4 rakkauskirje Alavuden kaupungille ja koko l\u00e4hiseudulle.<\/p>\n\n\n\n<p>Entisten Nuorten Rokkib\u00e4ndien Valokuvafestivaali Kummitustalolla on nyt ohi.<\/p>\n\n\n\n<p>Tuurin Kummitustalossa j\u00e4rjestetyss\u00e4 festivaalissa n\u00e4htiin noin 100 Jari Eklundin ja Marko H\u00e4m\u00e4l\u00e4isen valokuvaa paikallisista b\u00e4ndeist\u00e4 vuosilta 1990-2020. Lis\u00e4ksi oheisn\u00e4yttelyss\u00e4 oli esill\u00e4 noin 400 erilaista muistoesinett\u00e4 noin sadalta Alavuden alueen b\u00e4ndilt\u00e4 samalta ajalta.<\/p>\n\n\n\n<p>Levyj\u00e4 ja muita esineit\u00e4 oli siis esill\u00e4 aivan j\u00e4rjet\u00f6n m\u00e4\u00e4r\u00e4. Niit\u00e4 katsellessa mieleen tuli pakostikin ajatus, ett\u00e4 Suomesta ei l\u00f6ydy toista pikkukaupunkia, jossa asukaslukuun suhteutettuna olisi saatu n\u00e4in paljon aikaan b\u00e4ndirintamalla. Lis\u00e4ksi musiikin tekniikkapuolella on paikkakunnalla vastaavanlainen eritt\u00e4in vahva koko maassa tunnettu keskittym\u00e4.<\/p>\n\n\n\n<p>Paikallisen rock-kulttuurin esi-is\u00e4ksi ja alkupamaukseksi voimme luultavasti nimet\u00e4 Karin Pertsan, jonka hoivissa, ohjauksessa ja esimerkist\u00e4 syntyi paljon sek\u00e4 tekniikan osaajia ett\u00e4 muusikoita. Lis\u00e4ksi molemmat ammattiryhm\u00e4t pysyiv\u00e4t laitteissa ja monet my\u00f6s leiv\u00e4ss\u00e4 h\u00e4nen ansiostaan. Mielest\u00e4ni kaupungin kunnianosoituksen paikka viimeist\u00e4\u00e4nkin nyt, ellei jotain rock-ritarin arvonime\u00e4 ole h\u00e4nelle jo my\u00f6nnetty. Hevimpi V\u00e4in\u00e4m\u00f6inen h\u00e4nkin.<\/p>\n\n\n\n<p>Monia muitakin t\u00e4rkeit\u00e4 nimi\u00e4 voisi luetella, mutta j\u00e4\u00e4k\u00f6\u00f6n se my\u00f6hemm\u00e4ksi. Tied\u00e4tte kaikki itse, mit\u00e4 olette tehneet. Ja lopulta kaikki on tehty aina Alavudella yhdess\u00e4 ja tasavertaisina. Riippumatta taitotasosta, i\u00e4st\u00e4 tai mist\u00e4\u00e4n muustakaan sivuseikasta. Ket\u00e4\u00e4n ei ole j\u00e4tetty syrj\u00e4\u00e4n yht\u00e4\u00e4n mist\u00e4\u00e4n t\u00e4ss\u00e4 skeness\u00e4.<\/p>\n\n\n\n<p>Koska alueella on toiminut valtava m\u00e4\u00e4r\u00e4 b\u00e4ndej\u00e4 sek\u00e4 koska Alavuden kaupunki ja koko seutu on kautta aikain suhtautunut rock-kulttuuriin todella my\u00f6t\u00e4mielisesti, pystyimmekin nime\u00e4m\u00e4\u00e4n festivaalissa paikkakunnan Alavus Rock Cityksi, jonka lippu toivottavasti heiluu viel\u00e4 pitk\u00e4\u00e4n. T\u00e4\u00e4ll\u00e4 ei ole treenik\u00e4mppi\u00e4 ja keikkapaikkoja lanattu parkkipaikoiksi vaan p\u00e4invastoin kannustettu, tuettu ja huomioitu rock-musiikkia laidasta laitaan j\u00e4rjest\u00e4m\u00e4ll\u00e4 koulutusta, keikkoja, tapahtumia, levytyksi\u00e4, tiloja ja muuta kaikkien n\u00e4iden vuosikymmenien ajan ja edelleenkin. Kaupungin v\u00e4ki k\u00e4vi nytkin viikonloppuna tapahtumassa luovuttamassa kukkalaitteet festivaalin artisteille ja minulle.<\/p>\n\n\n\n<p>N\u00e4in tuurilaisena t\u00e4t\u00e4 on hieman vaikea sanoa, mutta olen ylpe\u00e4 Alavudesta ja koko t\u00e4st\u00e4 rock-skenest\u00e4, jota kaupunki on vaalinut ja antanut sen kasvaa n\u00e4in valtavaksi ja kauniiksi yst\u00e4vyyssuhteiden, vastuun, periksiantamattomuuden ja hauskanpidon rock-vyyhdeksi, joka on kest\u00e4nyt jo vuosikymmenet. Ja samat sanat voin sanoa entisest\u00e4 T\u00f6ys\u00e4n kunnasta. T\u00e4m\u00e4 on merkinnyt monille ihmisille enemm\u00e4n kuin kukaan osaa kuvitella, tuskin kukaan itsek\u00e4\u00e4n tajuaa sit\u00e4.<\/p>\n\n\n\n<p>Festivaalissa k\u00e4vi kahden p\u00e4iv\u00e4n aikana noin 300 vierasta, joista useat viihtyiv\u00e4t paikalla useiden tuntien ajan kertoen ja kuunnellen tarinoita, joita riitti, koska paikallisten b\u00e4ndien ja tekniikan puolen edustus oli eritt\u00e4in vahva molempien p\u00e4ivien ajan. Vanhoja kavereita tavattiin ja tarinoiden yksityiskohdat loksahtelivat paikoilleen eri ihmisten t\u00e4ydent\u00e4ess\u00e4 toisiaan. Er\u00e4s vieras mm. kohtasi aikoinaan 60\/70-luvulla ostamansa laulukaapit vuosikymmenien j\u00e4lkeen uudelleen tapahtumassa. Kaiuttimet ovat kiert\u00e4neet usealla paikallisella b\u00e4ndill\u00e4 ja ovat edelleen aktiivisessa k\u00e4yt\u00f6ss\u00e4. Useat b\u00e4ndivieraista olivat t\u00f6rm\u00e4nneet niihin jossain vaiheessa uraansa.<\/p>\n\n\n\n<p>Festivaalin j\u00e4rjest\u00e4minen muistutti rock-b\u00e4ndin touhua parhaimmillaan, Eklundin ja H\u00e4m\u00e4l\u00e4isen kanssa oli todella mukava toimia. Jokainen tiesi oman paikkansa ja toimi sen mukaisesti, mik\u00e4\u00e4n ei tuntunut v\u00e4kin\u00e4iselt\u00e4 ja huumorimittari oli punaisella jatkuvasti. Viikonloppu vei kaikki mehut ja muutaman kilon painosta, mutta t\u00e4t\u00e4 se parhaimmillaan b\u00e4ndiaikoinakin oli. Syv\u00e4 kaveripiiri, yksi kaikkien ja kaikki yhden puolesta, kuten rock kuuluukin olla. Parempaa tapahtumaa en olisi voinut toivoa. Kiitokset viel\u00e4 kaikille k\u00e4vij\u00f6ille, esineit\u00e4 toimittaneille ja muuten hengess\u00e4 mukana olleille. Lis\u00e4ksi haluan kiitt\u00e4\u00e4 viel\u00e4 vaimoani, joka on pit\u00e4nyt minut kaidalla polulla kaikki n\u00e4m\u00e4 vuosikymmenet ja toteuttanut kaikki n\u00e4m\u00e4 lukuisat toinen toistaan j\u00e4rjett\u00f6m\u00e4mm\u00e4t ideat silm\u00e4\u00e4k\u00e4\u00e4n r\u00e4p\u00e4ytt\u00e4m\u00e4tt\u00e4 kanssani, tyls\u00e4\u00e4 hetke\u00e4 ei ole ollut. Hyv\u00e4\u00e4 nimip\u00e4iv\u00e4\u00e4, rakas.<\/p>\n\n\n\n<p>Tapahtumalle toivottiin kovasti jatkoa, ehk\u00e4 jopa my\u00f6s musiikilla varustettuna. Mutta se on sitten aivan toinen tarina.<\/p>\n\n\n\n<p>&#8211; Kai Lavila<br>Burning Breath, Epidemia, Klaani, Ep\u00e4toivo, Spiritus Mortis, Uralin Huiku, Kuollut Etana, Viskiratas, Arsis, Harjuntalo-Orkesteri, \u00c4ks\u00e4platti, Jorgos Himoittu, Jani Wickholm, Vasuri Kabala, Violith Void Monolith (joitain b\u00e4ndej\u00e4, joissa olen soittanut keikkoja ja\/tai levytt\u00e4nyt, ei mill\u00e4\u00e4n voi muistaa kaikkia)<\/p>\n\n\n\n<p>Ly\u00f6k\u00e4\u00e4 postiin nime\u00e4 ja b\u00e4ndi\u00e4nne (ex- tai nyx-) alle, niin n\u00e4hd\u00e4\u00e4n paljonko t\u00e4t\u00e4 Alavus-T\u00f6ys\u00e4-\u00c4ht\u00e4ri-Kuortane-porukkaa on viel\u00e4 hengiss\u00e4. Olisi mukava my\u00f6s kuulla l\u00f6ytyyk\u00f6 Alavuden seudulta nuorten orkestereita t\u00e4ll\u00e4 hetkell\u00e4 (muitakin kuin poikani b\u00e4ndi, joka muuten etsii laulajaa).<\/p>\n\n\n\n<p>Suuri kiitos teille kaikille ja turvallista koulumatkaa kaikille koululaisille!<\/p>\n\n\n\n<p><a href=\"https:\/\/www.facebook.com\/hashtag\/alavusrockcity?__eep__=6&amp;source=feed_text&amp;epa=HASHTAG&amp;__xts__%5B0%5D=68.ARCxKobv1j2Ok0RHpgM4UT8G71BbriEaUEslHVL_lU_Vi2QrT4kx5DIt9MMgDntVQORZi7on9icuOX_sQ0CH3NesQmnNsSxJ2v1ZeMxXgOWqRZ72s4w0hf5ta_f3OwExqaLCdakh9MC_Z_9Qff0H-K_LYk4Bzs8F8JkQ5WXqvYxKnyNNn50LSkUnuUHPXlkLFm_aoVUTMTsr6PHH7p_Y1hf5Tb-y-Zwsn89Ibinxjx9RCnAwN_ta6XBiTgeh4fww0q1H7BXvUlZ07byAL5DSwhQWz-cK4jvFgR0&amp;__tn__=%2ANK-R\">#alavusrockcity<\/a>&nbsp;<a href=\"https:\/\/www.facebook.com\/hashtag\/kummitustalo?__eep__=6&amp;source=feed_text&amp;epa=HASHTAG&amp;__xts__%5B0%5D=68.ARCxKobv1j2Ok0RHpgM4UT8G71BbriEaUEslHVL_lU_Vi2QrT4kx5DIt9MMgDntVQORZi7on9icuOX_sQ0CH3NesQmnNsSxJ2v1ZeMxXgOWqRZ72s4w0hf5ta_f3OwExqaLCdakh9MC_Z_9Qff0H-K_LYk4Bzs8F8JkQ5WXqvYxKnyNNn50LSkUnuUHPXlkLFm_aoVUTMTsr6PHH7p_Y1hf5Tb-y-Zwsn89Ibinxjx9RCnAwN_ta6XBiTgeh4fww0q1H7BXvUlZ07byAL5DSwhQWz-cK4jvFgR0&amp;__tn__=%2ANK-R\">#kummitustalo<\/a>&nbsp;<a href=\"https:\/\/www.facebook.com\/hashtag\/rockupkaupungintalo?__eep__=6&amp;source=feed_text&amp;epa=HASHTAG&amp;__xts__%5B0%5D=68.ARCxKobv1j2Ok0RHpgM4UT8G71BbriEaUEslHVL_lU_Vi2QrT4kx5DIt9MMgDntVQORZi7on9icuOX_sQ0CH3NesQmnNsSxJ2v1ZeMxXgOWqRZ72s4w0hf5ta_f3OwExqaLCdakh9MC_Z_9Qff0H-K_LYk4Bzs8F8JkQ5WXqvYxKnyNNn50LSkUnuUHPXlkLFm_aoVUTMTsr6PHH7p_Y1hf5Tb-y-Zwsn89Ibinxjx9RCnAwN_ta6XBiTgeh4fww0q1H7BXvUlZ07byAL5DSwhQWz-cK4jvFgR0&amp;__tn__=%2ANK-R\">#rockupkaupungintalo<\/a><\/p>\n\n\n\n<p>alkuper\u00e4inen kuva: Jari Eklund, kuvan kuva:&nbsp;<a href=\"https:\/\/www.facebook.com\/ollipekka.seppa.5?__tn__=K-R&amp;eid=ARCaaVIi6AoE0yvPmve2aM-ZSAT37RVI8EI3laQTED9deWAMGleXfW7R3V_ceN25ijKTPlLirVXOxMaH&amp;fref=mentions&amp;__xts__%5B0%5D=68.ARCxKobv1j2Ok0RHpgM4UT8G71BbriEaUEslHVL_lU_Vi2QrT4kx5DIt9MMgDntVQORZi7on9icuOX_sQ0CH3NesQmnNsSxJ2v1ZeMxXgOWqRZ72s4w0hf5ta_f3OwExqaLCdakh9MC_Z_9Qff0H-K_LYk4Bzs8F8JkQ5WXqvYxKnyNNn50LSkUnuUHPXlkLFm_aoVUTMTsr6PHH7p_Y1hf5Tb-y-Zwsn89Ibinxjx9RCnAwN_ta6XBiTgeh4fww0q1H7BXvUlZ07byAL5DSwhQWz-cK4jvFgR0\">Olli-Pekka Sepp\u00e4<\/a><\/p>\n\n\n\n<figure class=\"wp-block-image size-large\"><img src=\"https:\/\/scontent.fhel1-1.fna.fbcdn.net\/v\/t1.0-9\/117329917_616878259014265_3992442798091705781_n.jpg?_nc_cat=111&amp;_nc_sid=8024bb&amp;_nc_ohc=Khm82UgkrxMAX_em3Ur&amp;_nc_ht=scontent.fhel1-1.fna&amp;oh=8591438fd47a2c34ccb60452fe936126&amp;oe=5F692CF2\" alt=\"\"\/><\/figure>\n","protected":false},"excerpt":{"rendered":"<p>Varoitus: T\u00e4m\u00e4 on pitk\u00e4 rakkauskirje Alavuden kaupungille ja koko l\u00e4hiseudulle. Entisten Nuorten Rokkib\u00e4ndien Valokuvafestivaali Kummitustalolla on nyt ohi. Tuurin Kummitustalossa j\u00e4rjestetyss\u00e4 festivaalissa n\u00e4htiin noin 100 Jari Eklundin ja Marko H\u00e4m\u00e4l\u00e4isen valokuvaa paikallisista b\u00e4ndeist\u00e4 vuosilta 1990-2020. Lis\u00e4ksi oheisn\u00e4yttelyss\u00e4 oli esill\u00e4 noin 400 erilaista muistoesinett\u00e4 noin sadalta Alavuden alueen b\u00e4ndilt\u00e4 samalta ajalta. Levyj\u00e4 ja muita esineit\u00e4 oli &hellip; <a href=\"https:\/\/kummitustalo.fi\/?p=237\" class=\"more-link\">Continue reading <span class=\"screen-reader-text\">Alavus Rock City 2020<\/span> <span class=\"meta-nav\">&rarr;<\/span><\/a><\/p>\n","protected":false},"author":1,"featured_media":0,"comment_status":"closed","ping_status":"open","sticky":false,"template":"","format":"standard","meta":{"ngg_post_thumbnail":0,"spay_email":""},"categories":[3],"tags":[],"jetpack_featured_media_url":"","jetpack_sharing_enabled":true,"jetpack_likes_enabled":false,"_links":{"self":[{"href":"https:\/\/kummitustalo.fi\/index.php?rest_route=\/wp\/v2\/posts\/237"}],"collection":[{"href":"https:\/\/kummitustalo.fi\/index.php?rest_route=\/wp\/v2\/posts"}],"about":[{"href":"https:\/\/kummitustalo.fi\/index.php?rest_route=\/wp\/v2\/types\/post"}],"author":[{"embeddable":true,"href":"https:\/\/kummitustalo.fi\/index.php?rest_route=\/wp\/v2\/users\/1"}],"replies":[{"embeddable":true,"href":"https:\/\/kummitustalo.fi\/index.php?rest_route=%2Fwp%2Fv2%2Fcomments&post=237"}],"version-history":[{"count":2,"href":"https:\/\/kummitustalo.fi\/index.php?rest_route=\/wp\/v2\/posts\/237\/revisions"}],"predecessor-version":[{"id":239,"href":"https:\/\/kummitustalo.fi\/index.php?rest_route=\/wp\/v2\/posts\/237\/revisions\/239"}],"wp:attachment":[{"href":"https:\/\/kummitustalo.fi\/index.php?rest_route=%2Fwp%2Fv2%2Fmedia&parent=237"}],"wp:term":[{"taxonomy":"category","embeddable":true,"href":"https:\/\/kummitustalo.fi\/index.php?rest_route=%2Fwp%2Fv2%2Fcategories&post=237"},{"taxonomy":"post_tag","embeddable":true,"href":"https:\/\/kummitustalo.fi\/index.php?rest_route=%2Fwp%2Fv2%2Ftags&post=237"}],"curies":[{"name":"wp","href":"https:\/\/api.w.org\/{rel}","templated":true}]}}